{"id":339,"date":"2022-01-28T16:51:29","date_gmt":"2022-01-28T15:51:29","guid":{"rendered":"https:\/\/antoineoury.wordpress.com\/?p=339"},"modified":"2022-01-28T16:51:29","modified_gmt":"2022-01-28T15:51:29","slug":"mes-articles-sur-critikat","status":"publish","type":"post","link":"https:\/\/antoineoury.fr\/index.php\/2022\/01\/28\/mes-articles-sur-critikat\/","title":{"rendered":"Mes articles sur Critikat"},"content":{"rendered":"\n<p>J&rsquo;ai commenc\u00e9 \u00e0 \u00e9crire sur le cin\u00e9ma pour le site <em>Critikat<\/em> en novembre 2011, et ma premi\u00e8re critique portait sur un film assez m\u00e9diocre de Tarsem Singh, <em>Les Immortels<\/em>, sorti fin 2011. <\/p>\n\n\n\n<p>Le fonctionnement coll\u00e9gial du film \u00e9tait particuli\u00e8rement int\u00e9ressant : chaque article \u00e9tait relu \u00e0 plusieurs reprises, et ces relectures donnaient lieu \u00e0 des discussions avec d&rsquo;autres r\u00e9dacteurs, qui permettaient souvent d&rsquo;am\u00e9liorer les textes et de rendre les id\u00e9es exprim\u00e9es plus frappantes encore. Inutile que j&rsquo;ai beaucoup appris au sein de l&rsquo;\u00e9quipe, appr\u00e9ciant par ailleurs la bienveillance qui r\u00e9gnait.<\/p>\n\n\n\n<p>Le nombre assez \u00e9lev\u00e9 de r\u00e9dacteurs et r\u00e9dactrices (tous b\u00e9n\u00e9voles) permettait par ailleurs de couvrir un nombre impressionnant de films, sorties cin\u00e9ma, DVD ou autres. Au plus fort de son activit\u00e9, dans les ann\u00e9es 2010, le site \u00e9tait l&rsquo;un des rares, je pense, \u00e0 atteindre l&rsquo;exhaustivit\u00e9 des critiques, certaines semaines.<\/p>\n\n\n\n<p>Je garde un tr\u00e8s bon souvenir de mon travail pour <em>Critikat<\/em>, qui me permettait d&rsquo;assister \u00e0 certaines avant-premi\u00e8res. Je jetais assez souvent mon d\u00e9volu sur des sorties un peu anecdotiques, des films qui promettaient d&rsquo;\u00eatre nuls, pour le dire directement : en pointer les d\u00e9fauts et manques permet aussi mieux cerner pourquoi une oeuvre audiovisuelle est marquante.<\/p>\n\n\n\n<p>Parmi les moments de bravoure dont je me souviens particul<a href=\"https:\/\/www.critikat.com\/panorama\/entretien\/cristi-puiu\/\">i\u00e8rement, un entretien avec le r\u00e9alisateur roumain Cristi Puiu par Skype<\/a>, depuis mon premier appartement parisien de 9 m2, ou la d\u00e9couverte d&rsquo;un excellent film d&rsquo;horreur, <a href=\"https:\/\/www.critikat.com\/dvd-livres\/dvd\/angoisse\/\"><em>Angoisse<\/em> de Bigas Luna<\/a>.<\/p>\n\n\n\n<p>Vous pouvez retrouver <a href=\"https:\/\/www.critikat.com\/author\/antoineoury\/\">tous mes articles publi\u00e9s sur <em>Critikat<\/em> \u00e0 cette adresse<\/a>.<\/p>\n","protected":false},"excerpt":{"rendered":"<p>J&rsquo;ai commenc\u00e9 \u00e0 \u00e9crire sur le cin\u00e9ma pour le site Critikat en novembre 2011, et ma premi\u00e8re critique portait sur un film assez m\u00e9diocre de Tarsem Singh, Les Immortels, sorti fin 2011. Le fonctionnement coll\u00e9gial du film \u00e9tait particuli\u00e8rement int\u00e9ressant : chaque article \u00e9tait relu \u00e0 plusieurs reprises, et ces relectures donnaient lieu \u00e0 des &hellip; <a href=\"https:\/\/antoineoury.fr\/index.php\/2022\/01\/28\/mes-articles-sur-critikat\/\" class=\"more-link\">Continuer la lecture de <span class=\"screen-reader-text\">Mes articles sur Critikat<\/span><\/a><\/p>\n","protected":false},"author":2,"featured_media":0,"comment_status":"open","ping_status":"open","sticky":false,"template":"","format":"standard","meta":{"footnotes":""},"categories":[3],"tags":[43,47,57,58,80,89],"class_list":["post-339","post","type-post","status-publish","format-standard","hentry","category-cinema","tag-blu-ray","tag-chroniques","tag-critikat","tag-critiques","tag-dvd","tag-films"],"_links":{"self":[{"href":"https:\/\/antoineoury.fr\/index.php\/wp-json\/wp\/v2\/posts\/339","targetHints":{"allow":["GET"]}}],"collection":[{"href":"https:\/\/antoineoury.fr\/index.php\/wp-json\/wp\/v2\/posts"}],"about":[{"href":"https:\/\/antoineoury.fr\/index.php\/wp-json\/wp\/v2\/types\/post"}],"author":[{"embeddable":true,"href":"https:\/\/antoineoury.fr\/index.php\/wp-json\/wp\/v2\/users\/2"}],"replies":[{"embeddable":true,"href":"https:\/\/antoineoury.fr\/index.php\/wp-json\/wp\/v2\/comments?post=339"}],"version-history":[{"count":0,"href":"https:\/\/antoineoury.fr\/index.php\/wp-json\/wp\/v2\/posts\/339\/revisions"}],"wp:attachment":[{"href":"https:\/\/antoineoury.fr\/index.php\/wp-json\/wp\/v2\/media?parent=339"}],"wp:term":[{"taxonomy":"category","embeddable":true,"href":"https:\/\/antoineoury.fr\/index.php\/wp-json\/wp\/v2\/categories?post=339"},{"taxonomy":"post_tag","embeddable":true,"href":"https:\/\/antoineoury.fr\/index.php\/wp-json\/wp\/v2\/tags?post=339"}],"curies":[{"name":"wp","href":"https:\/\/api.w.org\/{rel}","templated":true}]}}